{"id":906,"date":"2014-09-19T16:38:30","date_gmt":"2014-09-19T14:38:30","guid":{"rendered":"http:\/\/mske.de\/?p=906"},"modified":"2015-03-03T08:33:32","modified_gmt":"2015-03-03T07:33:32","slug":"fotos-mit-gimp-bearbeiten","status":"publish","type":"post","link":"https:\/\/mske.de\/?p=906","title":{"rendered":"Fotos mit Gimp bearbeiten"},"content":{"rendered":"<p><img loading=\"lazy\" decoding=\"async\" class=\"alignleft wp-image-944 size-thumbnail\" src=\"http:\/\/mske.de\/computertreff\/wp-content\/uploads\/2014\/09\/240px-The_GIMP_icon_-_gnome_svg-150x150.png\" alt=\"GIMP Icon\" width=\"150\" height=\"150\" srcset=\"https:\/\/mske.de\/computertreff\/wp-content\/uploads\/2014\/09\/240px-The_GIMP_icon_-_gnome_svg-150x150.png 150w, https:\/\/mske.de\/computertreff\/wp-content\/uploads\/2014\/09\/240px-The_GIMP_icon_-_gnome_svg.png 240w\" sizes=\"auto, (max-width: 150px) 100vw, 150px\"><\/p>\n<p>Die\u00adser Arti\u00adkel wen\u00addet sich an Ein\u00adstei\u00adger, die <span class=\"caps\">GIMP<\/span> <a href=\"#_ftn1\" name=\"_ftnref1\">[1]<\/a>&nbsp;und die Grund\u00adla\u00adgen der Foto\u00adbe\u00adar\u00adbei\u00adtung ken\u00adnen ler\u00adnen wol\u00adlen. Vor\u00adkennt\u00adnis\u00adse in <span class=\"caps\">GIMP<\/span> sind nicht erforderlich.<\/p>\n<p>Mit <span class=\"caps\">GIMP<\/span> kann man nicht nur Fotos bear\u00adbei\u00adten. Die umfang\u00adrei\u00adchen Mal- und Zei\u00adchen\u00adwerk\u00adzeu\u00adge las\u00adsen kaum W\u00fcn\u00adsche offen, wenn man sich k\u00fcnst\u00adle\u00adrisch bet\u00e4\u00adti\u00adgen m\u00f6ch\u00adte. In die\u00adsem Arti\u00adkel geht es um die grund\u00adle\u00adgen\u00adde Fotobearbeitung.<\/p>\n<p><!--more--><\/p>\n<p><span class=\"caps\">GIMP<\/span>&nbsp;&nbsp;ist kos\u00adten\u00adlos. Der Funk\u00adti\u00adons\u00adum\u00adfang ist sehr umfas\u00adsend. Daher ben\u00f6\u00adtigt man eine gewis\u00adse Ein\u00adar\u00adbei\u00adtungs\u00adzeit. <span class=\"caps\">GIMP<\/span> kann unter den fol\u00adgen\u00adden Inter\u00adnet\u00adadres\u00adsen her\u00adun\u00adter\u00adge\u00adla\u00adden werden:<\/p>\n<p><a href=\"http:\/\/www.gimp.org\/\">www.gimp.org<\/a> Offi\u00adzi\u00adel\u00adle Inter\u00adnet\u00adsei\u00adte (Eng\u00adlisch)<br>\n<a href=\"http:\/\/www.gimpusers.de\/\">www.gimpusers.de<\/a> Deutsch\u00adspra\u00adchi\u00adge Internetseite<\/p>\n<p>Da <span class=\"caps\">GIMP<\/span> f\u00fcr ver\u00adschie\u00adde\u00adne Betriebs\u00adsys\u00adte\u00adme ent\u00adwi\u00adckelt wird, muss vor dem Her\u00adun\u00adter\u00adla\u00adden auf die pas\u00adsen\u00adde Ver\u00adsi\u00adon geach\u00adtet werden.<\/p>\n<p><em>Vor dem Her\u00adun\u00adter\u00adla\u00adden (hier GIMPusers.de) auf die pas\u00adsen\u00adde Ver\u00adsi\u00adon (hier Win\u00addows) achten.<\/em><\/p>\n<figure id=\"attachment_916\" aria-describedby=\"caption-attachment-916\" style=\"width: 596px\" class=\"wp-caption alignnone\"><img loading=\"lazy\" decoding=\"async\" class=\"wp-image-916 size-full\" src=\"http:\/\/mske.de\/computertreff\/wp-content\/uploads\/2014\/09\/bild1.png\" alt=\"Bild 1 Vor dem Herunterladen (hier GIMPusers.de) auf die passende Version (hier Windows) achten.\" width=\"596\" height=\"252\" srcset=\"https:\/\/mske.de\/computertreff\/wp-content\/uploads\/2014\/09\/bild1.png 596w, https:\/\/mske.de\/computertreff\/wp-content\/uploads\/2014\/09\/bild1-300x126.png 300w, https:\/\/mske.de\/computertreff\/wp-content\/uploads\/2014\/09\/bild1-500x211.png 500w\" sizes=\"auto, (max-width: 596px) 100vw, 596px\"><figcaption id=\"caption-attachment-916\" class=\"wp-caption-text\">Bild 1 Vor dem Her\u00adun\u00adter\u00adla\u00adden (hier GIMPusers.de) auf die pas\u00adsen\u00adde Ver\u00adsi\u00adon (hier Win\u00addows) achten.<\/figcaption><\/figure>\n<h1>Die Benutzeroberfl\u00e4che von&nbsp;<span class=\"caps\">GIMP<\/span><\/h1>\n<p>Nach dem Start von <span class=\"caps\">GIMP<\/span> (es kann beim ers\u00adten Mal ein paar Sekun\u00adden dau\u00adern), erschei\u00adnen meh\u00adre\u00adre Fens\u00adter ver\u00adteilt auf dem Desk\u00adtop. Bit\u00adte nicht erschre\u00adcken. F\u00fcr Win\u00addows\u00adbe\u00adnut\u00adzer (und nicht nur die) ist das eine sehr gew\u00f6h\u00adnungs\u00adbe\u00add\u00fcrf\u00adti\u00adge Sicht auf ein Programmfenster.<\/p>\n<figure id=\"attachment_918\" aria-describedby=\"caption-attachment-918\" style=\"width: 565px\" class=\"wp-caption alignnone\"><img loading=\"lazy\" decoding=\"async\" class=\"wp-image-918 size-full\" src=\"http:\/\/mske.de\/computertreff\/wp-content\/uploads\/2014\/09\/bild3.png\" alt=\"Der Multifenster-Modus von GIMP ist nicht jedermanns Sache\" width=\"565\" height=\"304\" srcset=\"https:\/\/mske.de\/computertreff\/wp-content\/uploads\/2014\/09\/bild3.png 565w, https:\/\/mske.de\/computertreff\/wp-content\/uploads\/2014\/09\/bild3-300x161.png 300w, https:\/\/mske.de\/computertreff\/wp-content\/uploads\/2014\/09\/bild3-500x269.png 500w\" sizes=\"auto, (max-width: 565px) 100vw, 565px\"><figcaption id=\"caption-attachment-918\" class=\"wp-caption-text\">Bild 2 Der Mul\u00adti\u00adfens\u00adter-Modus von <span class=\"caps\">GIMP<\/span> ist nicht jeder\u00admanns&nbsp;Sache<\/figcaption><\/figure>\n<p>Doch <span class=\"caps\">GIMP<\/span> kann auch anders. Mit einem Klick auf den Men\u00fc\u00adpunkt <em>Fens\u00adter&nbsp;<\/em><em>\u2013&gt; Ein\u00adzel\u00adfens\u00adter-Modus<\/em> erhal\u00adten wir ein ein\u00adzi\u00adges Pro\u00adgramm\u00adfens\u00adter mit allem&nbsp;drin.<\/p>\n<figure id=\"attachment_917\" aria-describedby=\"caption-attachment-917\" style=\"width: 297px\" class=\"wp-caption alignnone\"><img loading=\"lazy\" decoding=\"async\" class=\"size-full wp-image-917\" src=\"http:\/\/mske.de\/computertreff\/wp-content\/uploads\/2014\/09\/bild2.png\" alt=\"Bild 2 GIMP von Multifenster auf Einzelfenster umschalten\" width=\"297\" height=\"181\"><figcaption id=\"caption-attachment-917\" class=\"wp-caption-text\">Bild 2 <span class=\"caps\">GIMP<\/span> von Mul\u00adti\u00adfens\u00adter auf Ein\u00adzel\u00adfens\u00adter umschalten<\/figcaption><\/figure>\n<h2>Wichtige Elemente der Benutzeroberfl\u00e4che<\/h2>\n<figure id=\"attachment_919\" aria-describedby=\"caption-attachment-919\" style=\"width: 870px\" class=\"wp-caption alignnone\"><img loading=\"lazy\" decoding=\"async\" class=\"wp-image-919 size-full\" src=\"http:\/\/mske.de\/computertreff\/wp-content\/uploads\/2014\/09\/bild4.png\" alt=\"Bild 4 Wichtige Elemente der Benutzeroberfl\u00e4che\" width=\"870\" height=\"535\" srcset=\"https:\/\/mske.de\/computertreff\/wp-content\/uploads\/2014\/09\/bild4.png 870w, https:\/\/mske.de\/computertreff\/wp-content\/uploads\/2014\/09\/bild4-300x184.png 300w, https:\/\/mske.de\/computertreff\/wp-content\/uploads\/2014\/09\/bild4-500x307.png 500w\" sizes=\"auto, (max-width: 767px) 89vw, (max-width: 1000px) 54vw, (max-width: 1071px) 543px, 580px\"><figcaption id=\"caption-attachment-919\" class=\"wp-caption-text\">Bild 4 Wich\u00adti\u00adge Ele\u00admen\u00adte der Benutzeroberfl\u00e4che<\/figcaption><\/figure>\n<p><em>&nbsp;<\/em><\/p>\n<ol>\n<li>Men\u00fc\u00adleis\u00adte<br>\nHier ver\u00adber\u00adgen sich alle Befeh\u00adle, die <span class=\"caps\">GIMP<\/span> bereitstellt.<\/li>\n<li>Werk\u00adzeug\u00adkas\u00adten<br>\nDie wich\u00adtigs\u00adten Bear\u00adbei\u00adtungs\u00adwerk\u00adzeu\u00adge fin\u00addet man hier. Bewegt man den Maus\u00adzei\u00adger auf eines der Werk\u00adzeug\u00adsym\u00adbo\u00adle, wird eine Beschrei\u00adbung ein\u00adge\u00adblen\u00addet. Mit einem Maus\u00adklick wird ein Werk\u00adzeug ausgew\u00e4hlt.<\/li>\n<li>Werk\u00adzeug\u00adein\u00adstel\u00adlun\u00adgen<br>\nFast alle Werk\u00adzeu\u00adge bie\u00adten viel\u00adf\u00e4l\u00adti\u00adge Ein\u00adstell\u00adm\u00f6g\u00adlich\u00adkei\u00adten. W\u00e4hlt man z.B. das Pin\u00adsel\u00adwerk\u00adzeug aus, so kann man hier Pin\u00adsel\u00adgr\u00f6\u00ad\u00dfe und H\u00e4r\u00adte einstellen.<\/li>\n<li>Bild\u00adbe\u00adar\u00adbei\u00adtungs\u00adbe\u00adreich<br>\nDas ge\u00f6ff\u00adne\u00adte Bild bzw. Foto wird in die\u00adsem Bereich mit dem aus\u00adge\u00adw\u00e4hl\u00adten Werk\u00adzeug bearbeitet.<\/li>\n<li>Ebe\u00adnen<a href=\"#_ftn2\" name=\"_ftnref2\">[2]<\/a> Mit Ebe\u00adnen las\u00adsen sich viel\u00adf\u00e4l\u00adti\u00adge Effek\u00adte erzie\u00adlen. Auch f\u00fcr Foto\u00admon\u00adta\u00adgen und Col\u00adla\u00adgen sind Ebe\u00adnen ein wich\u00adti\u00adges Hilfs\u00admit\u00adtel. <span class=\"caps\">GIMP<\/span> ist eines der weni\u00adgen kos\u00adten\u00adlo\u00adsen Pro\u00adgram\u00adme, wel\u00adches die Ebe\u00adnen-Tech\u00adnik unterst\u00fctzt.<\/li>\n<\/ol>\n<h1>Grundlegende Fotokorrekturen<\/h1>\n<p>Begin\u00adnen wir mit einem Foto, wel\u00adches wir mit Hil\u00adfe von <span class=\"caps\">GIMP<\/span> ver\u00adbes\u00adsern wollen.<\/p>\n<p>Zum \u00d6ff\u00adnen eines Fotos kli\u00adcken wir im Men\u00fc auf <em>Neu&nbsp;<\/em><em>\u2013&gt; \u00d6ff\u00adnen<\/em> und w\u00e4h\u00adlen im Datei-\u00d6ff\u00adnen-Dia\u00adlog\u00adfens\u00adter das Foto auf unse\u00adrem Com\u00adpu\u00adter aus. Anschlie\u00ad\u00dfend kli\u00adcken wir auf <em>\u00d6ff\u00adnen<\/em>.<\/p>\n<figure id=\"attachment_920\" aria-describedby=\"caption-attachment-920\" style=\"width: 561px\" class=\"wp-caption alignnone\"><img loading=\"lazy\" decoding=\"async\" class=\"size-full wp-image-920\" src=\"http:\/\/mske.de\/computertreff\/wp-content\/uploads\/2014\/09\/bild5.png\" alt=\"Bild 5 Bild-\u00d6ffnen Dialog\" width=\"561\" height=\"376\" srcset=\"https:\/\/mske.de\/computertreff\/wp-content\/uploads\/2014\/09\/bild5.png 561w, https:\/\/mske.de\/computertreff\/wp-content\/uploads\/2014\/09\/bild5-300x201.png 300w, https:\/\/mske.de\/computertreff\/wp-content\/uploads\/2014\/09\/bild5-500x335.png 500w\" sizes=\"auto, (max-width: 561px) 100vw, 561px\"><figcaption id=\"caption-attachment-920\" class=\"wp-caption-text\">Bild 5 Bild-\u00d6ff\u00adnen Dialog<\/figcaption><\/figure>\n<p>Alter\u00adna\u00adtiv dazu kann man, ohne&nbsp;<span class=\"caps\">GIMP<\/span> zu star\u00adte\u00adten, zun\u00e4chst den Ord\u00adner mit dem ent\u00adspre\u00adchen\u00adden Foto \u00f6ff\u00adnen. Dann klickt man mit der <strong>rech\u00adten<\/strong> Maus\u00adtas\u00adte auf das Foto und w\u00e4hlt im Kon\u00adtext\u00adme\u00adn\u00fc <em>Mit <span class=\"caps\">GIMP<\/span> \u00f6ff\u00adnen<\/em> aus.<\/p>\n<figure id=\"attachment_921\" aria-describedby=\"caption-attachment-921\" style=\"width: 372px\" class=\"wp-caption alignnone\"><img loading=\"lazy\" decoding=\"async\" class=\"size-full wp-image-921\" src=\"http:\/\/mske.de\/computertreff\/wp-content\/uploads\/2014\/09\/bild6.png\" alt=\"Bild 6 Foto \u00fcber das Kontextmen\u00fc in GIMP \u00f6ffnen\" width=\"372\" height=\"185\" srcset=\"https:\/\/mske.de\/computertreff\/wp-content\/uploads\/2014\/09\/bild6.png 372w, https:\/\/mske.de\/computertreff\/wp-content\/uploads\/2014\/09\/bild6-300x149.png 300w\" sizes=\"auto, (max-width: 372px) 100vw, 372px\"><figcaption id=\"caption-attachment-921\" class=\"wp-caption-text\">Bild 6 Foto \u00fcber das Kon\u00adtext\u00adme\u00adn\u00fc in <span class=\"caps\">GIMP<\/span> \u00f6ffnen<\/figcaption><\/figure>\n<p>Unser Foto ent\u00adh\u00e4lt zwar ein sch\u00f6\u00adnes Motiv, ansons\u00adten ist es aber nicht beson\u00adders gut gelun\u00adgen. Schie\u00adfer Hori\u00adzont, wenig Kon\u00adtras\u00adte, flaue Far\u00adben, und Sen\u00adsor\u00adfle\u00adcken. In die\u00adser Rei\u00adhen\u00adfol\u00adge wer\u00adden wir die Feh\u00adler mit <span class=\"caps\">GIMP<\/span> beheben.<\/p>\n<h4>Beispieldatei&nbsp;zu diesem Workshop herunterladen:<\/h4>\n<figure id=\"attachment_907\" aria-describedby=\"caption-attachment-907\" style=\"width: 150px\" class=\"wp-caption alignleft\"><a href=\"http:\/\/mske.de\/computertreff\/wp-content\/uploads\/2014\/09\/Verungl\u00fccktes-Foto.jpg\" target=\"_blank\"><img loading=\"lazy\" decoding=\"async\" class=\"wp-image-907 size-thumbnail\" src=\"http:\/\/mske.de\/computertreff\/wp-content\/uploads\/2014\/09\/Verungl\u00fccktes-Foto-150x150.jpg\" alt=\"Beispieldatei zum Workshop &quot;Fotos mit GIMP bearbeiten&quot;\" width=\"150\" height=\"150\"><\/a><figcaption id=\"caption-attachment-907\" class=\"wp-caption-text\">Bei\u00adspiel\u00adda\u00adtei zum Workshop<\/figcaption><\/figure>\n<p>Das Foto in max. Gr\u00f6\u00ad\u00dfe im Brow\u00adser anzei\u00adgen und dann Rechts\u00adklick&nbsp;\u2013&gt; <em>Bild (Gra\u00adfik) spei\u00adchern unter \u2026 im Kon\u00adtext\u00adme\u00adn\u00fc w\u00e4hlen.<\/em><\/p>\n<figure id=\"attachment_922\" aria-describedby=\"caption-attachment-922\" style=\"width: 738px\" class=\"wp-caption alignnone\"><img loading=\"lazy\" decoding=\"async\" class=\"size-full wp-image-922\" src=\"http:\/\/mske.de\/computertreff\/wp-content\/uploads\/2014\/09\/bild7.png\" alt=\"Bild 7 Dieses Foto soll in den nachfolgenden Schritten verbessert werden\" width=\"738\" height=\"399\" srcset=\"https:\/\/mske.de\/computertreff\/wp-content\/uploads\/2014\/09\/bild7.png 738w, https:\/\/mske.de\/computertreff\/wp-content\/uploads\/2014\/09\/bild7-300x162.png 300w, https:\/\/mske.de\/computertreff\/wp-content\/uploads\/2014\/09\/bild7-500x270.png 500w\" sizes=\"auto, (max-width: 738px) 100vw, 738px\"><figcaption id=\"caption-attachment-922\" class=\"wp-caption-text\">Bild 7 Die\u00adses Foto soll in den nach\u00adfol\u00adgen\u00adden Schrit\u00adten ver\u00adbes\u00adsert werden<\/figcaption><\/figure>\n<h6>Bevor es los geht ein paar hilfreiche Tastaturk\u00fcrzel<\/h6>\n<ul>\n<li><strong><span class=\"caps\">STRG<\/span> + Maus\u00adrad<\/strong> \u2013&gt; In das Bild hin\u00adein- bzw. herauszoomen<\/li>\n<li><strong>Leer\u00adtas\u00adte + Maus\u00adbe\u00adwe\u00adgung<\/strong> \u2013&gt; Bild\u00adaus\u00adschnitt im Ansichts\u00adfen-ster verschieben<\/li>\n<li><strong><span class=\"caps\">STRG<\/span> + Z<\/strong> \u2013&gt; Letz\u00adte&nbsp;Aktion(en) r\u00fcck\u00adg\u00e4n\u00adgig machen<\/li>\n<li><strong><span class=\"caps\">F1<\/span><\/strong> \u2013&gt; Hil\u00adfe aufrufen<\/li>\n<\/ul>\n<h2>Horizont begradigen<\/h2>\n<p>Einen schie\u00adfen Hori\u00adzont kann man mit <span class=\"caps\">GIMP<\/span> leicht korrigieren.<\/p>\n<h3>Werkzeug ausw\u00e4hlen<\/h3>\n<p>Wir kli\u00adcken im Werk\u00adzeug\u00adkas\u00adten auf das Werk\u00adzeug <em>Dre\u00adhen<\/em>. Neben dem Maus\u00adzei\u00adger wird immer eine kur\u00adze Beschrei\u00adbung des Werk\u00adzeu\u00adges eingeblendet.<\/p>\n<figure id=\"attachment_923\" aria-describedby=\"caption-attachment-923\" style=\"width: 352px\" class=\"wp-caption alignnone\"><img loading=\"lazy\" decoding=\"async\" class=\"size-full wp-image-923\" src=\"http:\/\/mske.de\/computertreff\/wp-content\/uploads\/2014\/09\/bild8.png\" alt=\"Bild 8 Werkzeug &quot;Drehen&quot; im Werkzeugkasten ausw\u00e4hlen\" width=\"352\" height=\"265\" srcset=\"https:\/\/mske.de\/computertreff\/wp-content\/uploads\/2014\/09\/bild8.png 352w, https:\/\/mske.de\/computertreff\/wp-content\/uploads\/2014\/09\/bild8-300x225.png 300w\" sizes=\"auto, (max-width: 352px) 100vw, 352px\"><figcaption id=\"caption-attachment-923\" class=\"wp-caption-text\">Bild 8 Werk\u00adzeug \u201eDre\u00adhen\u201c im Werk\u00adzeug\u00adkas\u00adten ausw\u00e4hle<\/figcaption><\/figure>\n<h3>Werkzeugeinstellung<\/h3>\n<p>Unter\u00adhalb des Werk\u00adzeug\u00adkas\u00adtens neh\u00admen wir in den Werk\u00adzeug\u00adein\u00adstel\u00adlun\u00adgen fol\u00adgen\u00adde Ein\u00adstel\u00adlun\u00adgen&nbsp;vor:<\/p>\n<ol>\n<li>Unter der Ein\u00adstel\u00adlung <em>Rich\u00adtung<\/em> w\u00e4h\u00adlen wir im Lis\u00adten\u00adfeld <em>Kor\u00adri\u00adgie\u00adrend<\/em> aus<\/li>\n<li>Bei Beschnei\u00addung w\u00e4h\u00adlen wir im Lis\u00adten\u00adfeld <em>Auf Sei\u00adten\u00adver\u00adh\u00e4lt\u00adnis beschnei\u00adden<\/em>.<\/li>\n<\/ol>\n<figure id=\"attachment_924\" aria-describedby=\"caption-attachment-924\" style=\"width: 268px\" class=\"wp-caption alignnone\"><img loading=\"lazy\" decoding=\"async\" class=\"size-full wp-image-924\" src=\"http:\/\/mske.de\/computertreff\/wp-content\/uploads\/2014\/09\/bild9.png\" alt=\"Bild 9 Werkzeugeinstellungen &quot;Drehen&quot;\" width=\"268\" height=\"302\" srcset=\"https:\/\/mske.de\/computertreff\/wp-content\/uploads\/2014\/09\/bild9.png 268w, https:\/\/mske.de\/computertreff\/wp-content\/uploads\/2014\/09\/bild9-266x300.png 266w\" sizes=\"auto, (max-width: 268px) 100vw, 268px\"><figcaption id=\"caption-attachment-924\" class=\"wp-caption-text\">Bild 9 Werk\u00adzeug\u00adein\u00adstel\u00adlun\u00adgen \u201eDre\u00adhen<\/figcaption><\/figure>\n<h3>Raster am Horizont ausrichten<\/h3>\n<p>Nun kli\u00adcken wir auf unser Foto (etwa dort, wie unten im Bild zu sehen). Dabei erscheint ein Git\u00adter\u00adnetz (Ras\u00adter) auf dem&nbsp;Foto.<\/p>\n<ol>\n<li>Wir hal\u00adten nun die lin\u00adke Maus\u00adtas\u00adte gedr\u00fcckt, und zie\u00adhen gleich\u00adzei\u00adtig die Maus nach oben oder unten. Das Ras\u00adter rotiert nun in die ent\u00adspre\u00adchen\u00adde Rich\u00adtung, w\u00e4h\u00adrend das Foto still&nbsp;steht.<\/li>\n<li>Das Ras\u00adter muss nun so weit gedreht wer\u00adden, bis die hori\u00adzon\u00adta\u00adlen Ras\u00adter\u00adli\u00adni\u00aden par\u00adal\u00adlel zum Hori\u00adzont lie\u00adgen. Das ist zun\u00e4chst nicht ganz so ein\u00adfach. Aber nach ein paar Ver\u00adsu\u00adchen soll\u00adte das klappen.<\/li>\n<li>Alter\u00adna\u00adtiv dazu kann der Dreh\u00adwin\u00adkel in der <em>Dre\u00adhen<\/em>-Dia\u00adlog\u00adbox ein\u00adge\u00adstellt wer\u00adden. (Sie\u00adhe Bild&nbsp;unten)<\/li>\n<\/ol>\n<figure id=\"attachment_925\" aria-describedby=\"caption-attachment-925\" style=\"width: 756px\" class=\"wp-caption alignnone\"><img loading=\"lazy\" decoding=\"async\" class=\"size-full wp-image-925\" src=\"http:\/\/mske.de\/computertreff\/wp-content\/uploads\/2014\/09\/bild10.png\" alt=\"Bild 10 Raster am Horizont ausrichten\" width=\"756\" height=\"280\" srcset=\"https:\/\/mske.de\/computertreff\/wp-content\/uploads\/2014\/09\/bild10.png 756w, https:\/\/mske.de\/computertreff\/wp-content\/uploads\/2014\/09\/bild10-300x111.png 300w, https:\/\/mske.de\/computertreff\/wp-content\/uploads\/2014\/09\/bild10-500x185.png 500w\" sizes=\"auto, (max-width: 706px) 89vw, (max-width: 767px) 82vw, 740px\"><figcaption id=\"caption-attachment-925\" class=\"wp-caption-text\">Bild 10 Ras\u00adter am Hori\u00adzont ausrichten<\/figcaption><\/figure>\n<p>Wenn alles passt, kli\u00adcken wir unten in der <em>Dre\u00adhen<\/em>-Dia\u00adlog\u00adbox auf <em>Rotie\u00adren<\/em>. Das Foto wird nun um den ein\u00adge\u00adstell\u00adten Win\u00adkel gedreht und zugeschnitten.<\/p>\n<h2>Automatisch zuschneiden<\/h2>\n<p>Nach dem Aus\u00adrich\u00adten ent\u00adh\u00e4lt unser Foto am Rand noch lee\u00adre Berei\u00adche, die durch das Dre\u00adhen und Beschnei\u00adden ent\u00adstan\u00adden&nbsp;sind.<\/p>\n<figure id=\"attachment_927\" aria-describedby=\"caption-attachment-927\" style=\"width: 294px\" class=\"wp-caption alignnone\"><img loading=\"lazy\" decoding=\"async\" class=\"size-full wp-image-927\" src=\"http:\/\/mske.de\/computertreff\/wp-content\/uploads\/2014\/09\/bild12.png\" alt=\"Bild 11 Leere Bildbereiche lassen sich mit dem Befehl &quot;Automatisch zuschneiden&quot; entfernen\" width=\"294\" height=\"196\"><figcaption id=\"caption-attachment-927\" class=\"wp-caption-text\">Bild 11 Lee\u00adre Bild\u00adbe\u00adrei\u00adche las\u00adsen sich mit dem Befehl \u201eAuto\u00adma\u00adtisch zuschnei\u00adden\u201c entfernen<\/figcaption><\/figure>\n<p>Um die\u00adse Berei\u00adche zu ent\u00adfer\u00adnen, kli\u00adcken wir oben im Men\u00fc auf <em>Bild&nbsp;<\/em><em>\u2013&gt; Auto\u00adma\u00adtisch zuschnei\u00adden<\/em>.<\/p>\n<figure id=\"attachment_928\" aria-describedby=\"caption-attachment-928\" style=\"width: 356px\" class=\"wp-caption alignnone\"><img loading=\"lazy\" decoding=\"async\" class=\"size-full wp-image-928\" src=\"http:\/\/mske.de\/computertreff\/wp-content\/uploads\/2014\/09\/bild13.png\" alt=\"Bild 12 Automatisch zuschneiden\" width=\"356\" height=\"273\" srcset=\"https:\/\/mske.de\/computertreff\/wp-content\/uploads\/2014\/09\/bild13.png 356w, https:\/\/mske.de\/computertreff\/wp-content\/uploads\/2014\/09\/bild13-300x230.png 300w\" sizes=\"auto, (max-width: 356px) 100vw, 356px\"><figcaption id=\"caption-attachment-928\" class=\"wp-caption-text\">Bild 12 Auto\u00adma\u00adtisch zuschneide<\/figcaption><\/figure>\n<h3>Kontraste und Farben korrigieren<\/h3>\n<p>Die wich\u00adtigs\u00adten Werk\u00adzeu\u00adge f\u00fcr die Bild\u00adkor\u00adrek\u00adtur fin\u00adden wir in <span class=\"caps\">GIMP<\/span> im Men\u00fc <em>Far\u00adben<\/em>.<\/p>\n<h3>Automatische Korrekturen<\/h3>\n<p>In eini\u00adgen F\u00e4l\u00adlen hel\u00adfen hier die auto\u00adma\u00adti\u00adschen Hilfs\u00admit\u00adtel wei\u00adter. Das Ergeb\u00adnis ist aller\u00addings stark vom jewei\u00adli\u00adgen Foto abh\u00e4n\u00adgig, und funk\u00adtio\u00adniert daher nicht immer zufriedenstellend.<\/p>\n<p>Die auto\u00adma\u00adti\u00adschen Kor\u00adrek\u00adtu\u00adren fin\u00addet man im Men\u00fc <em>Far\u00adben \u2013&gt;<\/em><em> Auto\u00adma\u00adtisch<\/em>.<\/p>\n<figure id=\"attachment_928\" aria-describedby=\"caption-attachment-928\" style=\"width: 356px\" class=\"wp-caption alignnone\"><img loading=\"lazy\" decoding=\"async\" class=\"wp-image-928 size-full\" src=\"http:\/\/mske.de\/computertreff\/wp-content\/uploads\/2014\/09\/bild13.png\" alt=\"Automatische Bildkorrekturen\" width=\"356\" height=\"273\" srcset=\"https:\/\/mske.de\/computertreff\/wp-content\/uploads\/2014\/09\/bild13.png 356w, https:\/\/mske.de\/computertreff\/wp-content\/uploads\/2014\/09\/bild13-300x230.png 300w\" sizes=\"auto, (max-width: 356px) 100vw, 356px\"><figcaption id=\"caption-attachment-928\" class=\"wp-caption-text\">Bild 13 Auto\u00adma\u00adti\u00adsche Bildkorrekturen<\/figcaption><\/figure>\n<p>Pro\u00adbie\u00adre die unter\u00adschied\u00adli\u00adchen Optio\u00adnen wie Abglei\u00adchen, Wei\u00df\u00adab\u00adgleich, Farb\u00adver\u00adbes\u00adse\u00adrung etc. aus. Wenn das Ergeb\u00adnis nicht zufrie\u00adden\u00adstel\u00adlend ist, kann jeder\u00adzeit der letz\u00adte Schritt mit der Tas\u00adten\u00adkom\u00adbi\u00adna\u00adti\u00adon Strg + Z wie\u00adder r\u00fcck\u00adg\u00e4n\u00adgig gemacht wer\u00adden. Oder im Men\u00fc <em>Bear\u00adbei\u00adten <\/em><em>\u00e0 R\u00fcck\u00adg\u00e4n\u00adgig<\/em> anklicken.<\/p>\n<p>Der fol\u00adgen\u00adde Abschnitt Ton\u00adwert\u00adkor\u00adrek\u00adtur kann \u00fcber\u00adsprun\u00adgen wer\u00adden, wenn mit der auto\u00adma\u00adti\u00adschen Kor\u00adrek\u00adtur zufrie\u00adden\u00adstel\u00adlen\u00adde Ergeb\u00adnis\u00adse erzielt wur\u00adden. Lies dann im Abschnitt \u201eFle\u00adcken ent\u00adfer\u00adnen\u201c weiter.<\/p>\n<h3>&nbsp;Tonwertkorrektur (Werte)<\/h3>\n<p>Wenn die auto\u00adma\u00adti\u00adsche Kon\u00adtrast\u00adver\u00adbes\u00adse\u00adrung kein zufrie\u00adden\u00adstel\u00adlen\u00addes Ergeb\u00adnis lie\u00adfert, hilft die Ton\u00adwert\u00adkor\u00adrek\u00adtur wei\u00adter. Wir fin\u00adden das Werk\u00adzeug im Men\u00fc unter <em>Far\u00adben&nbsp;<\/em><em>\u2013&gt; Wer\u00adte<\/em>.<\/p>\n<p>Das Dia\u00adlog\u00adfens\u00adter \u201eWer\u00adte\u201c zeigt uns ein Histogramm.<\/p>\n<h3>Exkurs: Das Histogramm<\/h3>\n<p>Ein His\u00adto\u00adgramm zeigt die Ver\u00adtei\u00adlung der Hel\u00adlig\u00adkeit (Ton\u00adwer\u00adte) in einem Foto an. Die hori\u00adzon\u00adta\u00adle Ach\u00adse beginnt ganz links bei den schwar\u00adzen Ton\u00adwer\u00adten, im mitt\u00adle\u00adren Bereich die Mit\u00adtel\u00adt\u00f6\u00adne und rechts au\u00dfen die hel\u00adlen bzw. wei\u00ad\u00dfen Tonwerte.<\/p>\n<p>Auf der ver\u00adti\u00adka\u00adlen Ach\u00adse wird die H\u00e4u\u00adfig\u00adkeit der Pixel im Bild mit dem ent\u00adspre\u00adchen\u00adden Ton\u00adwert angegeben.<\/p>\n<p>Anhand des His\u00adto\u00adgramms kann man erken\u00adnen, ob ein Bild zu hell, zu dun\u00adkel oder aus\u00adge\u00adwo\u00adgen belich\u00adtet ist. Nach\u00adfol\u00adgend sehen wir eini\u00adge Beispiele:<\/p>\n<h6>Foto und Histogramm<\/h6>\n<figure id=\"attachment_929\" aria-describedby=\"caption-attachment-929\" style=\"width: 670px\" class=\"wp-caption alignleft\"><img loading=\"lazy\" decoding=\"async\" class=\"wp-image-929 size-full\" src=\"http:\/\/mske.de\/computertreff\/wp-content\/uploads\/2014\/09\/bild13a.png\" alt=\"\u00fcberrbelichtet\" width=\"670\" height=\"160\" srcset=\"https:\/\/mske.de\/computertreff\/wp-content\/uploads\/2014\/09\/bild13a.png 670w, https:\/\/mske.de\/computertreff\/wp-content\/uploads\/2014\/09\/bild13a-300x71.png 300w, https:\/\/mske.de\/computertreff\/wp-content\/uploads\/2014\/09\/bild13a-500x119.png 500w\" sizes=\"auto, (max-width: 670px) 100vw, 670px\"><figcaption id=\"caption-attachment-929\" class=\"wp-caption-text\">bild 13a Im rech\u00adten Bereich vie\u00adle hel\u00adle Tonwerte,Im lin\u00adken Bereich wenig bis kei\u00adne dunk\u00adlen Ton\u00adwer\u00adte. Das Foto ist zu hell bzw. \u00fcberbelichtet.<\/figcaption><\/figure>\n<p>&nbsp;<\/p>\n<figure id=\"attachment_930\" aria-describedby=\"caption-attachment-930\" style=\"width: 650px\" class=\"wp-caption alignleft\"><img loading=\"lazy\" decoding=\"async\" class=\"size-full wp-image-930\" src=\"http:\/\/mske.de\/computertreff\/wp-content\/uploads\/2014\/09\/bild13b.png\" alt=\"Unterbelichtet\" width=\"650\" height=\"159\" srcset=\"https:\/\/mske.de\/computertreff\/wp-content\/uploads\/2014\/09\/bild13b.png 650w, https:\/\/mske.de\/computertreff\/wp-content\/uploads\/2014\/09\/bild13b-300x73.png 300w, https:\/\/mske.de\/computertreff\/wp-content\/uploads\/2014\/09\/bild13b-500x122.png 500w\" sizes=\"auto, (max-width: 650px) 100vw, 650px\"><figcaption id=\"caption-attachment-930\" class=\"wp-caption-text\">Bild 13b Im lin\u00adken Bereich vie\u00adle dunk\u00adle Tonwerte.Im rech\u00adten Bereich weni\u00adge bis kei\u00adne hel\u00adlen Tonwerte.Das Foto ist zu dun\u00adkel bzw. unterbelichtet.<\/figcaption><\/figure>\n<figure id=\"attachment_931\" aria-describedby=\"caption-attachment-931\" style=\"width: 676px\" class=\"wp-caption alignleft\"><img loading=\"lazy\" decoding=\"async\" class=\"size-full wp-image-931\" src=\"http:\/\/mske.de\/computertreff\/wp-content\/uploads\/2014\/09\/bild13c.png\" alt=\"Kontrastarm\" width=\"676\" height=\"158\" srcset=\"https:\/\/mske.de\/computertreff\/wp-content\/uploads\/2014\/09\/bild13c.png 676w, https:\/\/mske.de\/computertreff\/wp-content\/uploads\/2014\/09\/bild13c-300x70.png 300w, https:\/\/mske.de\/computertreff\/wp-content\/uploads\/2014\/09\/bild13c-500x116.png 500w, https:\/\/mske.de\/computertreff\/wp-content\/uploads\/2014\/09\/bild13c-672x158.png 672w\" sizes=\"auto, (max-width: 676px) 100vw, 676px\"><figcaption id=\"caption-attachment-931\" class=\"wp-caption-text\">Bild 13c Im rech\u00adten Bereich kei\u00adne hel\u00adlen Ton\u00adwer\u00adte.<br>Im lin\u00adken Bereich kei\u00adne dunk\u00adlen Ton\u00adwer\u00adte.<br>Das Foto ist kontrastarm<\/figcaption><\/figure>\n<figure id=\"attachment_932\" aria-describedby=\"caption-attachment-932\" style=\"width: 438px\" class=\"wp-caption alignleft\"><img loading=\"lazy\" decoding=\"async\" class=\"size-full wp-image-932\" src=\"http:\/\/mske.de\/computertreff\/wp-content\/uploads\/2014\/09\/bild13d.png\" alt=\"Ausgewogene Belichtung\" width=\"438\" height=\"102\" srcset=\"https:\/\/mske.de\/computertreff\/wp-content\/uploads\/2014\/09\/bild13d.png 438w, https:\/\/mske.de\/computertreff\/wp-content\/uploads\/2014\/09\/bild13d-300x69.png 300w\" sizes=\"auto, (max-width: 438px) 100vw, 438px\"><figcaption id=\"caption-attachment-932\" class=\"wp-caption-text\">Bild 13d Die Ton\u00adwer\u00adte in die\u00adsem Bild rei\u00adchen von links \u00fcber schwarz, vie\u00adle Mit\u00adtel\u00adt\u00f6\u00adne bis rechts zu den wei\u00ad\u00dfen Ton\u00adwer\u00adten.<br>Das Foto ist aus\u00adge\u00adwo\u00adgen belichtet.<\/figcaption><\/figure>\n<h3>Tonwertkorrektur in <span class=\"caps\">GIMP<\/span> anwenden<\/h3>\n<p>Im His\u00adto\u00adgramm befin\u00adden sich am unte\u00adren Rand drei Drei\u00adecke, Rechs au\u00dfen das Drei\u00adeck, wel\u00adches den Wei\u00df\u00adpunkt, also den hells\u00adten Ton\u00adwert fest\u00adlegt. Links au\u00dfen das Drei\u00adeck f\u00fcr den Schwarz\u00adpunkt, wel\u00adches den dun\u00adkels\u00adten Ton\u00adwert fest\u00adlegt. Bei\u00adde Drei\u00adecke las\u00adsen sich mit der Maus hori\u00adzon\u00adtal ver\u00adschie\u00adben. Auf die\u00adse Wei\u00adse kann ein neu\u00ader Schwarz- bzw. Wei\u00df\u00adpunkt im His\u00adto\u00adgramm fest\u00adge\u00adlegt wer\u00adden. Da es bei einem kon\u00adtrast\u00adar\u00admen Foto kei\u00adne oder nur weni\u00adge hel\u00adle und dunk\u00adle Ton\u00adwer\u00adte gibt, ver\u00adschiebt man die \u00e4u\u00dfe\u00adren bei\u00adden Drei\u00adecke im His\u00adto\u00adgramm so weit nach links bzw. nach rechts, bis zu den ers\u00adten h\u00f6he\u00adren Erhe\u00adbun\u00adgen. Auf die\u00adse Wei\u00adse wer\u00adden die Ton\u00adwer\u00adte im Bild neu ver\u00adteilt. (Gespreizt) Das mitt\u00adle\u00adre Drei\u00adeck regelt die Hel\u00adlig\u00adkeit der Mittelt\u00f6ne.<\/p>\n<p>Mit einem Klick auf <span class=\"caps\">OK<\/span> wird die Kor\u00adrek\u00adtur \u00fcbernommen.<\/p>\n<figure id=\"attachment_933\" aria-describedby=\"caption-attachment-933\" style=\"width: 418px\" class=\"wp-caption alignleft\"><img loading=\"lazy\" decoding=\"async\" class=\"size-full wp-image-933\" src=\"http:\/\/mske.de\/computertreff\/wp-content\/uploads\/2014\/09\/bild14.png\" alt=\"Bild 14 Tonwertkorrektur\" width=\"418\" height=\"295\" srcset=\"https:\/\/mske.de\/computertreff\/wp-content\/uploads\/2014\/09\/bild14.png 418w, https:\/\/mske.de\/computertreff\/wp-content\/uploads\/2014\/09\/bild14-300x211.png 300w\" sizes=\"auto, (max-width: 418px) 100vw, 418px\"><figcaption id=\"caption-attachment-933\" class=\"wp-caption-text\">Bild 14 Tonwertkorrektur<\/figcaption><\/figure>\n<p>Mit der Ton\u00adwert\u00adkor\u00adrek\u00adtur las\u00adsen sich auch Farb\u00adsti\u00adche aus\u00adglei\u00adchen. Hier\u00adzu stellt man die Ton\u00adwert\u00adsprei\u00adzung f\u00fcr jeden <span class=\"caps\">RGB<\/span><a href=\"#_ftn3\" name=\"_ftnref3\">[3]<\/a>-Kanal getrennt ein. (<span class=\"caps\">RGB<\/span> = Rot Gr\u00fcn&nbsp;Blau)<\/p>\n<figure id=\"attachment_934\" aria-describedby=\"caption-attachment-934\" style=\"width: 520px\" class=\"wp-caption alignleft\"><img loading=\"lazy\" decoding=\"async\" class=\"size-full wp-image-934\" src=\"http:\/\/mske.de\/computertreff\/wp-content\/uploads\/2014\/09\/bild15.png\" alt=\"Bild 15 Bei Farbstichen hilft die Tonwertkorrektur der einzelnen Farbkan\u00e4le weiter\" width=\"520\" height=\"209\" srcset=\"https:\/\/mske.de\/computertreff\/wp-content\/uploads\/2014\/09\/bild15.png 520w, https:\/\/mske.de\/computertreff\/wp-content\/uploads\/2014\/09\/bild15-300x120.png 300w, https:\/\/mske.de\/computertreff\/wp-content\/uploads\/2014\/09\/bild15-500x200.png 500w\" sizes=\"auto, (max-width: 520px) 100vw, 520px\"><figcaption id=\"caption-attachment-934\" class=\"wp-caption-text\">Bild 15 Bei Farb\u00adsti\u00adchen hilft die Ton\u00adwert\u00adkor\u00adrek\u00adtur der ein\u00adzel\u00adnen Farb\u00adka\u00adn\u00e4\u00adle weiter<\/figcaption><\/figure>\n<h3>&nbsp;Flecken entfernen<\/h3>\n<p>Zum Ent\u00adfer\u00adnen von Fle\u00adcken oder Sen\u00adsor\u00adschmutz eig\u00adnet sich das Werk\u00adzeug Klo\u00adnen am besten.<\/p>\n<ol>\n<li>Wir w\u00e4h\u00adlen das Werk\u00adzeug im Werk\u00adzeug\u00adkas\u00adten aus, und stel\u00adlen in den Werk\u00adzeug\u00adei\u00adgen\u00adschaf\u00adten die Werk\u00adzeug\u00adgr\u00f6\u00ad\u00dfe auf etwa 40&nbsp;px.<\/li>\n<li>Dann zoo\u00admen wir an den Arbeits\u00adbe\u00adreich her\u00adan, um genau\u00ader arbei\u00adten zu k\u00f6n\u00adnen. Wir zei\u00adgen mit dem Maus\u00adzei\u00adger auf die Stel\u00adle im Bild, wo sich die Fle\u00adcke befin\u00adden, hal\u00adten die Tas\u00adte <span class=\"caps\">STRG<\/span> gedr\u00fcckt, und dre\u00adhen gleich\u00adzei\u00adtig das Maus\u00adrad. (Wer kein Maus\u00adrad hat, ver\u00adwen\u00addet das Werk\u00adzeug <em>Ver\u00adgr\u00f6\u00ad\u00dfern<\/em> aus dem Werk\u00adzeug\u00adkas\u00adten) <strong>Tipp<\/strong>: Zum Ver\u00adschie\u00adben des Fotos die Leer\u00adtas\u00adte gedr\u00fcckt hal\u00adten, und die Maus in die gew\u00fcnsch\u00adte Rich\u00adtung bewegen.<\/li>\n<li>Zum Auf\u00adneh\u00admen der Klon\u00adfar\u00adbe kli\u00adcken wir mit gedr\u00fcck\u00adter STRG-Tas\u00adte dicht neben einen der Fle\u00adcke. Nun las\u00adsen wir die STRG-Tas\u00adte los und malen oder stem\u00adpeln \u00fcber den&nbsp;Fleck.<\/li>\n<\/ol>\n<p>Die glei\u00adche Pro\u00adze\u00addur von Schritt 3 wie\u00adder\u00adho\u00adlen wir f\u00fcr die ande\u00adren Flecke.<\/p>\n<figure id=\"attachment_935\" aria-describedby=\"caption-attachment-935\" style=\"width: 614px\" class=\"wp-caption alignleft\"><img loading=\"lazy\" decoding=\"async\" class=\"size-full wp-image-935\" src=\"http:\/\/mske.de\/computertreff\/wp-content\/uploads\/2014\/09\/bild16.png\" alt=\" Bild 16 Flecken und Sensorschmutz entfernen \" width=\"614\" height=\"290\" srcset=\"https:\/\/mske.de\/computertreff\/wp-content\/uploads\/2014\/09\/bild16.png 614w, https:\/\/mske.de\/computertreff\/wp-content\/uploads\/2014\/09\/bild16-300x141.png 300w, https:\/\/mske.de\/computertreff\/wp-content\/uploads\/2014\/09\/bild16-500x236.png 500w\" sizes=\"auto, (max-width: 614px) 100vw, 614px\"><figcaption id=\"caption-attachment-935\" class=\"wp-caption-text\"><br>Bild 16 Fle\u00adcken und Sen\u00adsor\u00adschmutz entfernen<\/figcaption><\/figure>\n<h2>Foto sch\u00e4rfen<\/h2>\n<p>Am Schluss wer\u00adden wir das Foto noch ein wenig nach\u00adsch\u00e4r\u00adfen. Dazu ver\u00adwen\u00adden wir den Fil\u00adter \u201e<em>Unscharf mas\u00adkie\u00adren<\/em>\u201c aus dem Men\u00fc <em>Fil\u00adter\u2013&gt;<\/em><em> Ver\u00adbes\u00adsern&nbsp;<\/em><em>\u2013&gt; Unscharf mas\u00adkie\u00adren<\/em>.<\/p>\n<p>Im Dia\u00adlog\u00adfens\u00adter Unscharf mas\u00adkie\u00adren sehen wir ein klei\u00adnes Vor\u00adschau\u00adfens\u00adter, wel\u00adches das Foto in 100 %-Ansicht zeigt. Hier k\u00f6n\u00adnen wir die Aus\u00adwir\u00adkun\u00adgen des Sch\u00e4r\u00adfens begut\u00adach\u00adten. Der Bild\u00adaus\u00adschnitt im Vor\u00adschau\u00adfens\u00adter kann direkt mit der Maus oder den Bild\u00adlauf\u00adleis\u00adten ver\u00adscho\u00adben wer\u00adden. Ein Klick auf die gekreuz\u00adten Dop\u00adpel\u00adpfei\u00adle rechts unten in der Ecke des Vor\u00adschau\u00adfens\u00adters zeigt eine \u00dcber\u00adsicht. Dort kann der sicht\u00adba\u00adre Aus\u00adschnitt mit der Maus ver\u00adscho\u00adben werden.<\/p>\n<p>Die Schie\u00adbe\u00adreg\u00adler Radi\u00adus und Men\u00adge soll\u00adten behut\u00adsam ver\u00adstellt werden.<\/p>\n<p>Der Wert Radi\u00adus rich\u00adtet sich nach der Gr\u00f6\u00ad\u00dfe des Fotos. F\u00fcr ein Foto mit ca. 3 <span class=\"caps\">MB<\/span> Datei\u00adgr\u00f6\u00ad\u00dfe ist ein Wert von 1,5 bis 2,5 eine gute Wahl. Bei gr\u00f6\u00ad\u00dfe\u00adren Fotos kann der Wert h\u00f6her gew\u00e4hlt werden.<\/p>\n<figure id=\"attachment_936\" aria-describedby=\"caption-attachment-936\" style=\"width: 307px\" class=\"wp-caption alignleft\"><img loading=\"lazy\" decoding=\"async\" class=\"size-full wp-image-936\" src=\"http:\/\/mske.de\/computertreff\/wp-content\/uploads\/2014\/09\/bild17.png\" alt=\"Bild 17 Nachsch\u00e4rfen mit &quot;Unscharf maskieren&quot;\" width=\"307\" height=\"392\" srcset=\"https:\/\/mske.de\/computertreff\/wp-content\/uploads\/2014\/09\/bild17.png 307w, https:\/\/mske.de\/computertreff\/wp-content\/uploads\/2014\/09\/bild17-234x300.png 234w\" sizes=\"auto, (max-width: 307px) 100vw, 307px\"><figcaption id=\"caption-attachment-936\" class=\"wp-caption-text\">Bild 17 Nach\u00adsch\u00e4r\u00adfen mit \u201eUnscharf maskieren\u201c<\/figcaption><\/figure>\n<p>Der Wert Men\u00adge gibt die St\u00e4r\u00adke der Nach\u00adsch\u00e4r\u00adfung an. Hier\u00adbei beob\u00adach\u00adtet man am bes\u00adten das Ergeb\u00adnis im Vor\u00adschau\u00adfens\u00adter. In unse\u00adrem Bei\u00adspiel ist ein Wert von 1 bis 1,5 geeignet.<\/p>\n<p><strong>&nbsp;<\/strong><\/p>\n<p><strong>Vor\u00adsicht<\/strong>: bei zu star\u00adker Sch\u00e4r\u00adfung ent\u00adste\u00adhen unsch\u00f6\u00adne Arte\u00adfak\u00adte und das Rau\u00adschen im Bild nimmt&nbsp;zu.<\/p>\n<h2>Foto exportieren<\/h2>\n<p>Das fer\u00adtig bear\u00adbei\u00adte\u00adte Foto muss nun noch gespei\u00adchert wer\u00adden. Bei <span class=\"caps\">GIMP<\/span> geht das \u00fcber das Men\u00fc <em>Datei <\/em><em>\u00e0 Expor\u00adtie\u00adren&nbsp;als&nbsp;\u2026&nbsp;<\/em><\/p>\n<p><strong>Hin\u00adweis<\/strong>: Der Befehl Spei\u00adchern bzw. Spei\u00adchern unter \u2026 spei\u00adchert aus\u00adschlie\u00df\u00adlich im GIMP-Daten\u00adfor\u00admat <strong>.xcf<\/strong>. Die\u00adse Datei\u00aden eig\u00adnen sich nicht zu Wei\u00adter\u00adga\u00adbe per E\u2011Mail, oder zur Ver\u00ad\u00f6f\u00adfent\u00adli\u00adchung im Inter\u00adnet. XCF-Datei\u00aden k\u00f6n\u00adnen meh\u00adre\u00adre hun\u00addert <span class=\"caps\">MB<\/span> gro\u00df wer\u00adden, weil das Ergeb\u00adnis ver\u00adlust\u00adfrei (unkom\u00adpri\u00admiert) gespei\u00adchert&nbsp;wird.<\/p>\n<p>Im Expor\u00adtie\u00adren-Dia\u00adlog\u00adfens\u00adter w\u00e4hlt man zun\u00e4chst den gew\u00fcnsch\u00adten Spei\u00adcher\u00adort, und leg dann das Datei\u00adfor\u00admat fest. F\u00fcr ein Foto ist das typi\u00adscher\u00adwei\u00adse <span class=\"caps\">JPG<\/span><a href=\"#_ftn4\" name=\"_ftnref4\">[4]<\/a> oder <span class=\"caps\">PNG<\/span><a href=\"#_ftn5\" name=\"_ftnref5\">[5]<\/a>. Mit einem Klick auf Expor\u00adtie\u00adren wird unser Ergeb\u00adnis gespeichert.<\/p>\n<figure id=\"attachment_937\" aria-describedby=\"caption-attachment-937\" style=\"width: 436px\" class=\"wp-caption alignleft\"><img loading=\"lazy\" decoding=\"async\" class=\"size-full wp-image-937\" src=\"http:\/\/mske.de\/computertreff\/wp-content\/uploads\/2014\/09\/bild18.png\" alt=\"Bild 18 Dialogfenster &quot;Exportieren&quot;\" width=\"436\" height=\"393\" srcset=\"https:\/\/mske.de\/computertreff\/wp-content\/uploads\/2014\/09\/bild18.png 436w, https:\/\/mske.de\/computertreff\/wp-content\/uploads\/2014\/09\/bild18-300x270.png 300w\" sizes=\"auto, (max-width: 436px) 100vw, 436px\"><figcaption id=\"caption-attachment-937\" class=\"wp-caption-text\">Bild 18 Dia\u00adlog\u00adfens\u00adter \u201eExpor\u00adtie\u00adren\u201c<\/figcaption><\/figure>\n<h3>JPG-Kompression einstellen<\/h3>\n<p>Wur\u00adde <span class=\"caps\">JPG<\/span> als Datei\u00adfor\u00admat aus\u00adge\u00adw\u00e4hlt, erscheint noch ein Dia\u00adlog\u00adfens\u00adter, in dem mit einem Schie\u00adbe\u00adreg\u00adler die JPG-Kom\u00adpres\u00adsi\u00adon ein\u00adge\u00adstellt wer\u00adden&nbsp;kann.<\/p>\n<p>Der Wert 100 ent\u00adspricht wenig Kom\u00adpres\u00adsi\u00adon bei maxi\u00adma\u00adler Qua\u00adli\u00adt\u00e4t. Der Wert 0 ent\u00adspricht hohe Kom\u00adpres\u00adsi\u00adon bei mini\u00adma\u00adler Qualit\u00e4t.<\/p>\n<p>Wenn ein Haken in dem K\u00e4st\u00adchen \u201eVor\u00adschau im Bild\u00adfens\u00adter\u201c gesetzt ist, wird dar\u00ad\u00fcber die Datei\u00adgr\u00f6\u00ad\u00dfe bei der jeweils ein\u00adge\u00adstell\u00adten Kom\u00adpres\u00adsi\u00adons\u00adstu\u00adfe angezeigt.<\/p>\n<figure id=\"attachment_938\" aria-describedby=\"caption-attachment-938\" style=\"width: 310px\" class=\"wp-caption alignleft\"><img loading=\"lazy\" decoding=\"async\" class=\"size-full wp-image-938\" src=\"http:\/\/mske.de\/computertreff\/wp-content\/uploads\/2014\/09\/bild19.png\" alt=\"Bild 19 Einstellen der JPG-Komprimierung\" width=\"310\" height=\"277\" srcset=\"https:\/\/mske.de\/computertreff\/wp-content\/uploads\/2014\/09\/bild19.png 310w, https:\/\/mske.de\/computertreff\/wp-content\/uploads\/2014\/09\/bild19-300x268.png 300w\" sizes=\"auto, (max-width: 310px) 100vw, 310px\"><figcaption id=\"caption-attachment-938\" class=\"wp-caption-text\">Bild 19 Ein\u00adstel\u00adlen der JPG-Komprimierung<\/figcaption><\/figure>\n<h1>Mehr Input<\/h1>\n<address><a href=\"http:\/\/www.gimp.org\/\">www.gimp.org<br>\n<\/a>&nbsp;Offi\u00adzi\u00adel\u00adle <span class=\"caps\">GIMP<\/span> Inter\u00adnet\u00adsei\u00adte (Eng\u00adlisch)<\/address>\n<address><a href=\"http:\/\/www.gimpusers.de\/\">www.gimpusers.de<br>\n<\/a>Deut\u00adsche GIMP-Gemeinschaft<\/address>\n<address><a href=\"docs.gimp.org\/de\/\">docs.gimp.org\/de\/<\/a><br>\nDeutsch\u00adspra\u00adchi\u00adges <span class=\"caps\">GIMP<\/span> Benut\u00adzer\u00adhand\u00adbuch (Kann auch inner\u00adhalb von <span class=\"caps\">GIMP<\/span> mit der Tas\u00adte <span class=\"caps\">F1<\/span> auf\u00adge\u00adru\u00adfen werden)<\/address>\n<address><a href=\"docs.gimp.org\/de\/gimp-imaging-photos.html\">docs.gimp.org\/de\/gimp-imaging-photos.html<\/a><br>\nFotos mit Gimp ver\u00adbes\u00adsern \u2014 Anlei\u00adtung aus den GIMP-Hilfeseiten<\/address>\n<address><a href=\"http:\/\/mske.de\/computertreff\/wp-content\/uploads\/2014\/09\/Verungl\u00fccktes-Foto.jpg\">http:\/\/mske.de\/computertreff\/wp-content\/uploads\/2014\/09\/Verungl\u00fccktes-Foto.jpg<\/a><br>\nBei\u00adspiel\u00adda\u00adtei zu die\u00adsem Workshop<\/address>\n<h2>Fu\u00dfnoten<\/h2>\n<p><a href=\"#_ftnref1\" name=\"_ftn1\">[1]<\/a> <span class=\"caps\">GIMP<\/span> ist die Abk\u00fcr\u00adzung f\u00fcr <span class=\"caps\">GNU<\/span> Image Mani\u00adpu\u00adla\u00adti\u00adon Program.<\/p>\n<p><a href=\"#_ftnref2\" name=\"_ftn2\">[2]<\/a> Ebe\u00adnen erm\u00f6g\u00adli\u00adchen das \u00fcber\u00adein\u00adan\u00adder\u00adsta\u00adpeln von Ein\u00adzel\u00adbil\u00addern. Daduch erge\u00adben sich viel\u00adf\u00e4l\u00adti\u00adge Bearbeitungsm\u00f6glichkeiten<\/p>\n<p><a href=\"#_ftnref3\" name=\"_ftn3\">[3]<\/a> <span class=\"caps\">RGB<\/span> steht f\u00fcr Rot, Gr\u00fcn, Blau (Red, Green, Blue). Das sind die Grund\u00adfar\u00adben des addi\u00adti\u00adven RGB-Farb\u00adrau\u00admes, aus denen Far\u00adben am Com\u00adpu\u00adter\u00admo\u00adni\u00adtor dar\u00adge\u00adstellt werden.<\/p>\n<p><a href=\"#_ftnref4\" name=\"_ftn4\">[4]<\/a> <span class=\"caps\">JPG<\/span> bzw. <span class=\"caps\">JPEG<\/span> ist die Abk\u00fcr\u00adzung f\u00fcr Joint Pho\u00adto\u00adgra\u00adphic Experts Group. Die\u00adse legt seit 1992 die Stan\u00addards f\u00fcr die\u00adses Daten\u00adfor\u00admat&nbsp;fest.<\/p>\n<p><a href=\"#_ftnref5\" name=\"_ftn5\">[5]<\/a> <span class=\"caps\">PNG<\/span> steht f\u00fcr Por\u00adta\u00adble Net\u00adwork Graphic<\/p>\n","protected":false},"excerpt":{"rendered":"<p>Die\u00adser Arti\u00adkel wen\u00addet sich an Ein\u00adstei\u00adger, die <span class=\"caps\">GIMP<\/span> [1]&nbsp;und die Grund\u00adla\u00adgen der Foto\u00adbe\u00adar\u00adbei\u00adtung ken\u00adnen ler\u00adnen wol\u00adlen. Vor\u00adkennt\u00adnis\u00adse in <span class=\"caps\">GIMP<\/span> sind nicht erfor\u00adder\u00adlich. Mit <span class=\"caps\">GIMP<\/span> kann man nicht nur Fotos bear\u00adbei\u00adten. Die umfang\u00adrei\u00adchen Mal- und Zei\u00adchen\u00adwerk\u00adzeu\u00adge las\u00adsen kaum W\u00fcn\u00adsche offen, wenn man sich k\u00fcnst\u00adle\u00adrisch bet\u00e4\u00adti\u00adgen m\u00f6ch\u00adte. In die\u00adsem Arti\u00adkel geht es um die grund\u00adle\u00adgen\u00adde Fotobearbeitung.<\/p>\n","protected":false},"author":2,"featured_media":0,"comment_status":"open","ping_status":"open","sticky":false,"template":"","format":"standard","meta":{"wp_typography_post_enhancements_disabled":false,"footnotes":""},"categories":[5,35],"tags":[37,36],"class_list":["post-906","post","type-post","status-publish","format-standard","hentry","category-computer-software","category-gimp","tag-fotobearbeitung","tag-gimp-2"],"_links":{"self":[{"href":"https:\/\/mske.de\/index.php?rest_route=\/wp\/v2\/posts\/906","targetHints":{"allow":["GET"]}}],"collection":[{"href":"https:\/\/mske.de\/index.php?rest_route=\/wp\/v2\/posts"}],"about":[{"href":"https:\/\/mske.de\/index.php?rest_route=\/wp\/v2\/types\/post"}],"author":[{"embeddable":true,"href":"https:\/\/mske.de\/index.php?rest_route=\/wp\/v2\/users\/2"}],"replies":[{"embeddable":true,"href":"https:\/\/mske.de\/index.php?rest_route=%2Fwp%2Fv2%2Fcomments&post=906"}],"version-history":[{"count":31,"href":"https:\/\/mske.de\/index.php?rest_route=\/wp\/v2\/posts\/906\/revisions"}],"predecessor-version":[{"id":1027,"href":"https:\/\/mske.de\/index.php?rest_route=\/wp\/v2\/posts\/906\/revisions\/1027"}],"wp:attachment":[{"href":"https:\/\/mske.de\/index.php?rest_route=%2Fwp%2Fv2%2Fmedia&parent=906"}],"wp:term":[{"taxonomy":"category","embeddable":true,"href":"https:\/\/mske.de\/index.php?rest_route=%2Fwp%2Fv2%2Fcategories&post=906"},{"taxonomy":"post_tag","embeddable":true,"href":"https:\/\/mske.de\/index.php?rest_route=%2Fwp%2Fv2%2Ftags&post=906"}],"curies":[{"name":"wp","href":"https:\/\/api.w.org\/{rel}","templated":true}]}}